{"id":1100,"date":"2021-07-31T13:12:18","date_gmt":"2021-07-31T12:12:18","guid":{"rendered":"http:\/\/www.dpsg-andernach.de\/?p=1100"},"modified":"2021-07-31T13:12:20","modified_gmt":"2021-07-31T12:12:20","slug":"pfadi-wochenende","status":"publish","type":"post","link":"https:\/\/www.dpsg-andernach.de\/?p=1100","title":{"rendered":"Pfadi-Wochenende"},"content":{"rendered":"\n<p>Nach der langen Corona-Abstinenz konnten wir nun endlich (unter entsprechenden Hygiene- Auflagen) wieder eine richtige Gruppenaktion mit unserer Pfadi-Stufe starten. Eigentlich wollten wir ja ein kleines Wochenendlager (23.07 &#8211; 25.07) machen, aber weil der angepeilte Zeltplatz keinen Platz mehr f\u00fcr uns hatte sind wir doch in unseren Gruppenr\u00e4umen geblieben. Dann kam aber sowieso alles anders als geplant&#8230; <\/p>\n\n\n\n<p>Die Flutkatastrophe und die Tatsache, dass wir so nah an dem betroffenen Gebiet wohnen, hat den ganzen Stamm in k\u00fcrzester Zeit wieder in Aktion gerufen. Auch unsere Pfadis haben aktiv mitgeholfen und haben von Anfang an bei Spendensammlungen, Kleidersortierung und dann auch noch eine ganze Woche beim Lebensmittel vorbereiten geholfen. Daf\u00fcr standen sie jeden Morgen in Ihren Ferien auf und haben im Thomas Becket Haus Gem\u00fcse in unfassbaren Mengen geschnippelt. Zuletzt gingen fast 400 Portionen Essen pro Tag durch die H\u00e4nde unseres Stammes an Hochwasseropfer und Helfer vor Ort. Da unsere Pfadis aber auch nach so viel geleisteter Hilfe unter der Woche noch immer motiviert waren, sind sie dann auch an Ihrem Pfadi-Wochenende noch mit nach Ahrweiler gefahren und haben dort einen ganzen Tag lang per Bollerwagen warme Mahlzeiten an die Leute verteilt. Vor Ort wurde dann auch noch unsere (bis dato Schnupperleiterin) Hanna zur offiziellen Leiterin der Pfadistufe ernannt! <\/p>\n\n\n\n<p>Neben all der Hilfsbereitschaft kam aber die gemeinsame Gruppenzeit vielleicht ein bisschen zu kurz, aber die gemeinsamen Stunden haben wir sehr genossen. Wir haben neben vielen Spielen auch eine tolle Zeit mit Lagerfeuer und selbstgemachtem Popcorn, ein dekadentes Pfannkuchen Fr\u00fchst\u00fcck und k\u00f6stliches selbstgemachtes Ramen und Pizza genossen. Impulse und Diskussionen durften nat\u00fcrlich genau so wie eine Reflektion des erlebten nicht fehlen. Wir sind sehr stolz auf unsere Pfadis und das, was sie in den letzten Tagen so selbstlos getan haben! Ihr seit eine tolle Truppe und wir freuen uns auf das n\u00e4chste (richtige) Lager mit euch! <\/p>\n\n\n\n<p>Hanna und Corinna<\/p>\n\n\n\n<figure class=\"wp-block-gallery columns-3 is-cropped\"><ul class=\"blocks-gallery-grid\"><li class=\"blocks-gallery-item\"><figure><a href=\"https:\/\/www.dpsg-andernach.de\/wp-content\/uploads\/2021\/07\/photo6050930225493161637.jpg\"><img loading=\"lazy\" width=\"768\" height=\"1024\" src=\"https:\/\/www.dpsg-andernach.de\/wp-content\/uploads\/2021\/07\/photo6050930225493161637-768x1024.jpg\" alt=\"\" data-id=\"1104\" data-full-url=\"https:\/\/www.dpsg-andernach.de\/wp-content\/uploads\/2021\/07\/photo6050930225493161637.jpg\" data-link=\"https:\/\/www.dpsg-andernach.de\/?attachment_id=1104\" class=\"wp-image-1104\" srcset=\"https:\/\/www.dpsg-andernach.de\/wp-content\/uploads\/2021\/07\/photo6050930225493161637-768x1024.jpg 768w, https:\/\/www.dpsg-andernach.de\/wp-content\/uploads\/2021\/07\/photo6050930225493161637-225x300.jpg 225w, https:\/\/www.dpsg-andernach.de\/wp-content\/uploads\/2021\/07\/photo6050930225493161637.jpg 960w\" sizes=\"(max-width: 768px) 100vw, 768px\" \/><\/a><\/figure><\/li><li class=\"blocks-gallery-item\"><figure><a href=\"https:\/\/www.dpsg-andernach.de\/wp-content\/uploads\/2021\/07\/photo6050930225493161640-1.jpg\"><img loading=\"lazy\" width=\"575\" height=\"1024\" src=\"https:\/\/www.dpsg-andernach.de\/wp-content\/uploads\/2021\/07\/photo6050930225493161640-1-575x1024.jpg\" alt=\"\" data-id=\"1102\" data-full-url=\"https:\/\/www.dpsg-andernach.de\/wp-content\/uploads\/2021\/07\/photo6050930225493161640-1.jpg\" data-link=\"https:\/\/www.dpsg-andernach.de\/?attachment_id=1102\" class=\"wp-image-1102\" srcset=\"https:\/\/www.dpsg-andernach.de\/wp-content\/uploads\/2021\/07\/photo6050930225493161640-1-575x1024.jpg 575w, https:\/\/www.dpsg-andernach.de\/wp-content\/uploads\/2021\/07\/photo6050930225493161640-1-169x300.jpg 169w, https:\/\/www.dpsg-andernach.de\/wp-content\/uploads\/2021\/07\/photo6050930225493161640-1.jpg 719w\" sizes=\"(max-width: 575px) 100vw, 575px\" \/><\/a><\/figure><\/li><li class=\"blocks-gallery-item\"><figure><a href=\"https:\/\/www.dpsg-andernach.de\/wp-content\/uploads\/2021\/07\/photo6050930225493161638.jpg\"><img loading=\"lazy\" width=\"1024\" height=\"575\" src=\"https:\/\/www.dpsg-andernach.de\/wp-content\/uploads\/2021\/07\/photo6050930225493161638-1024x575.jpg\" alt=\"\" data-id=\"1103\" data-full-url=\"https:\/\/www.dpsg-andernach.de\/wp-content\/uploads\/2021\/07\/photo6050930225493161638.jpg\" data-link=\"https:\/\/www.dpsg-andernach.de\/?attachment_id=1103\" class=\"wp-image-1103\" srcset=\"https:\/\/www.dpsg-andernach.de\/wp-content\/uploads\/2021\/07\/photo6050930225493161638-1024x575.jpg 1024w, https:\/\/www.dpsg-andernach.de\/wp-content\/uploads\/2021\/07\/photo6050930225493161638-300x169.jpg 300w, https:\/\/www.dpsg-andernach.de\/wp-content\/uploads\/2021\/07\/photo6050930225493161638-768x431.jpg 768w, https:\/\/www.dpsg-andernach.de\/wp-content\/uploads\/2021\/07\/photo6050930225493161638.jpg 1280w\" sizes=\"(max-width: 1024px) 100vw, 1024px\" \/><\/a><\/figure><\/li><\/ul><\/figure>\n","protected":false},"excerpt":{"rendered":"<p>Nach der langen Corona-Abstinenz konnten wir nun endlich (unter entsprechenden Hygiene- Auflagen) wieder eine richtige Gruppenaktion mit unserer Pfadi-Stufe starten. Eigentlich wollten wir ja ein kleines Wochenendlager (23.07 &#8211; 25.07) machen, aber weil der angepeilte Zeltplatz keinen Platz mehr f\u00fcr uns hatte sind wir doch in unseren Gruppenr\u00e4umen geblieben. Dann kam aber sowieso alles anders [&hellip;]<\/p>\n","protected":false},"author":2,"featured_media":0,"comment_status":"closed","ping_status":"closed","sticky":false,"template":"","format":"standard","meta":{"sfsi_plus_gutenberg_text_before_share":"","sfsi_plus_gutenberg_show_text_before_share":"","sfsi_plus_gutenberg_icon_type":"","sfsi_plus_gutenberg_icon_alignemt":"","sfsi_plus_gutenburg_max_per_row":""},"categories":[1],"tags":[],"_links":{"self":[{"href":"https:\/\/www.dpsg-andernach.de\/index.php?rest_route=\/wp\/v2\/posts\/1100"}],"collection":[{"href":"https:\/\/www.dpsg-andernach.de\/index.php?rest_route=\/wp\/v2\/posts"}],"about":[{"href":"https:\/\/www.dpsg-andernach.de\/index.php?rest_route=\/wp\/v2\/types\/post"}],"author":[{"embeddable":true,"href":"https:\/\/www.dpsg-andernach.de\/index.php?rest_route=\/wp\/v2\/users\/2"}],"replies":[{"embeddable":true,"href":"https:\/\/www.dpsg-andernach.de\/index.php?rest_route=%2Fwp%2Fv2%2Fcomments&post=1100"}],"version-history":[{"count":1,"href":"https:\/\/www.dpsg-andernach.de\/index.php?rest_route=\/wp\/v2\/posts\/1100\/revisions"}],"predecessor-version":[{"id":1105,"href":"https:\/\/www.dpsg-andernach.de\/index.php?rest_route=\/wp\/v2\/posts\/1100\/revisions\/1105"}],"wp:attachment":[{"href":"https:\/\/www.dpsg-andernach.de\/index.php?rest_route=%2Fwp%2Fv2%2Fmedia&parent=1100"}],"wp:term":[{"taxonomy":"category","embeddable":true,"href":"https:\/\/www.dpsg-andernach.de\/index.php?rest_route=%2Fwp%2Fv2%2Fcategories&post=1100"},{"taxonomy":"post_tag","embeddable":true,"href":"https:\/\/www.dpsg-andernach.de\/index.php?rest_route=%2Fwp%2Fv2%2Ftags&post=1100"}],"curies":[{"name":"wp","href":"https:\/\/api.w.org\/{rel}","templated":true}]}}