{"id":225,"date":"2013-06-19T22:28:38","date_gmt":"2013-06-19T20:28:38","guid":{"rendered":"http:\/\/www.dpsg-andernach.de\/?p=225"},"modified":"2013-07-08T18:33:25","modified_gmt":"2013-07-08T16:33:25","slug":"live-sendung-der-youthtube-uber-die-72stunden-aktion","status":"publish","type":"post","link":"https:\/\/www.dpsg-andernach.de\/?p=225","title":{"rendered":"Live-Sendung der YouthTube \u00fcber die 72Stunden-Aktion"},"content":{"rendered":"<p><img loading=\"lazy\" class=\"alignright size-medium wp-image-232\" style=\"font-size: 12px;\" alt=\"YouthTube_Logo\" src=\"http:\/\/www.dpsg-andernach.de\/wp-content\/uploads\/2013\/06\/YouthTube_3000x1542_transp-300x154.png\" width=\"300\" height=\"154\" srcset=\"https:\/\/www.dpsg-andernach.de\/wp-content\/uploads\/2013\/06\/YouthTube_3000x1542_transp-300x154.png 300w, https:\/\/www.dpsg-andernach.de\/wp-content\/uploads\/2013\/06\/YouthTube_3000x1542_transp.png 400w\" sizes=\"(max-width: 300px) 100vw, 300px\" \/><\/p>\n<p>Eine letzte Ank\u00fcndigung zur 72Stunden-Aktion, an der wir am vergangenen Wochenende teilgenommen haben:<\/p>\n<p><span style=\"font-size: 12px; line-height: 1.5em;\">Neben spannenden Gespr\u00e4chen werden auch einige Aufnahmen aus dem Verlauf unseres Projektes bei der 72Stunden-Aktion gezeigt, die bislang nicht ver\u00f6ffentlicht wurden.<\/span>Am kommenden Samstag, 22. Juni 2013 produziert die OK YouthTube eine Live-Sendung \u00fcber die 72Stunden-Aktion und unser Projekt dabei. Dabei werden unser Vorstandsmitglied Steffi und unser Schirmherr bei der 72Stunden-Aktion Lutz Schultz auf jeden Fall als Interviewpartner live im Studio sein.<br \/>\nWie bei den Sendungen der YouthTube unter dem Titel &#8222;Welcome to the Tube&#8220; \u00fcblich, kann man unter <a href=\"http:\/\/www.okyouthtube.de\">www.okyouthtube.de<\/a> live zuschauen und per Chat Fragen an die G\u00e4ste im Studio stellen.<\/p>\n<p>Jedem, der noch etwas mehr \u00fcber die 72Stunden-Aktion und unser Projekt dabei erfahren m\u00f6chte, sei die Sendung empfohlen. Wer nicht live zuschauen kann, findet die Sendung zu einem sp\u00e4teren Zeitpunkt im Programm des OK4 (vormals Offener Kanal Andernach) und im Internet.<\/p>\n<p>Unsere Berichte aus der 72Stunden-Aktion findet Ihr hier in der <a title=\"Berichte von der 72h-Aktion 2013\" href=\"http:\/\/www.dpsg-andernach.de\/?cat=12\">entsprechenden Kateogrie unserer Website<\/a>.<\/p>\n","protected":false},"excerpt":{"rendered":"<p>Eine letzte Ank\u00fcndigung zur 72Stunden-Aktion, an der wir am vergangenen Wochenende teilgenommen haben: Neben spannenden Gespr\u00e4chen werden auch einige Aufnahmen aus dem Verlauf unseres Projektes bei der 72Stunden-Aktion gezeigt, die bislang nicht ver\u00f6ffentlicht wurden.Am kommenden Samstag, 22. Juni 2013 produziert die OK YouthTube eine Live-Sendung \u00fcber die 72Stunden-Aktion und unser Projekt dabei. Dabei werden unser [&hellip;]<\/p>\n","protected":false},"author":1,"featured_media":0,"comment_status":"open","ping_status":"open","sticky":false,"template":"","format":"standard","meta":{"sfsi_plus_gutenberg_text_before_share":"","sfsi_plus_gutenberg_show_text_before_share":"","sfsi_plus_gutenberg_icon_type":"","sfsi_plus_gutenberg_icon_alignemt":"","sfsi_plus_gutenburg_max_per_row":""},"categories":[3],"tags":[9,17],"_links":{"self":[{"href":"https:\/\/www.dpsg-andernach.de\/index.php?rest_route=\/wp\/v2\/posts\/225"}],"collection":[{"href":"https:\/\/www.dpsg-andernach.de\/index.php?rest_route=\/wp\/v2\/posts"}],"about":[{"href":"https:\/\/www.dpsg-andernach.de\/index.php?rest_route=\/wp\/v2\/types\/post"}],"author":[{"embeddable":true,"href":"https:\/\/www.dpsg-andernach.de\/index.php?rest_route=\/wp\/v2\/users\/1"}],"replies":[{"embeddable":true,"href":"https:\/\/www.dpsg-andernach.de\/index.php?rest_route=%2Fwp%2Fv2%2Fcomments&post=225"}],"version-history":[{"count":2,"href":"https:\/\/www.dpsg-andernach.de\/index.php?rest_route=\/wp\/v2\/posts\/225\/revisions"}],"predecessor-version":[{"id":257,"href":"https:\/\/www.dpsg-andernach.de\/index.php?rest_route=\/wp\/v2\/posts\/225\/revisions\/257"}],"wp:attachment":[{"href":"https:\/\/www.dpsg-andernach.de\/index.php?rest_route=%2Fwp%2Fv2%2Fmedia&parent=225"}],"wp:term":[{"taxonomy":"category","embeddable":true,"href":"https:\/\/www.dpsg-andernach.de\/index.php?rest_route=%2Fwp%2Fv2%2Fcategories&post=225"},{"taxonomy":"post_tag","embeddable":true,"href":"https:\/\/www.dpsg-andernach.de\/index.php?rest_route=%2Fwp%2Fv2%2Ftags&post=225"}],"curies":[{"name":"wp","href":"https:\/\/api.w.org\/{rel}","templated":true}]}}