{"id":357,"date":"2016-06-01T16:57:09","date_gmt":"2016-06-01T14:57:09","guid":{"rendered":"http:\/\/www.dpsg-andernach.de\/?p=357"},"modified":"2016-06-20T21:59:47","modified_gmt":"2016-06-20T19:59:47","slug":"pfingsten-in-westernohe","status":"publish","type":"post","link":"https:\/\/www.dpsg-andernach.de\/?p=357","title":{"rendered":"Pfingsten in Westernohe"},"content":{"rendered":"<p>Vom 13.05 bis zum 16.05.2016 fuhren einige unserer Leiter gemeinsam mit dem Stamm &#8218;Am Nastberg&#8216; aus Eich nach Westernohe, in das Bundeszentrum der DPSG, um dort zusammen mit \u00fcber 4000 anderen PfadfinderInnen Pfingsten zu feiern.<\/p>\n<p>Trotz des kalten und wechselhaften Wetters mit einigen Regenschauern lie\u00dfen wir uns den Spa\u00df nicht verderben. Schlie\u00dflich konnte man sich in der Jurte am Lagerfeuer mit dem ein- oder anderem alkoholfreien Hei\u00dfgetr\u00e4nk aufw\u00e4rmen.<\/p>\n<p>Aufgrund des abwechslungsreichen Programms wurde uns nie langweilig. Von Geocaching bis zur Herstellung von h\u00f6lzernen Namensschildern, oder Gummihuhngolf&#8230; f\u00fcr jeden war etwas dabei. Im Internationalen Dorf konnte man u.a. PfadfinderInnen aus S\u00fcdafrika, Eritrea, Afghanistan, Syrien, der Ukraine, Polen, Frankreich, El Salvador oder Bolivien kennenlernen. Den Abschluss bildete ein Teilnehmergestalteter Campfire-Abend mit vielen lustigen und tollen Beitr\u00e4gen.<\/p>\n<p>Leider vergingen die Tage viel zu schnell und mit etwas Wehmut fuhren wir nachhause, wohlwissend, dass wir n\u00e4chstes Jahr wieder kommen werden.<\/p>\n","protected":false},"excerpt":{"rendered":"<p>Vom 13.05 bis zum 16.05.2016 fuhren einige unserer Leiter gemeinsam mit dem Stamm &#8218;Am Nastberg&#8216; aus Eich nach Westernohe, in das Bundeszentrum der DPSG, um dort zusammen mit \u00fcber 4000 anderen PfadfinderInnen Pfingsten zu feiern. Trotz des kalten und wechselhaften Wetters mit einigen Regenschauern lie\u00dfen wir uns den Spa\u00df nicht verderben. Schlie\u00dflich konnte man sich [&hellip;]<\/p>\n","protected":false},"author":5,"featured_media":0,"comment_status":"open","ping_status":"closed","sticky":false,"template":"","format":"standard","meta":{"sfsi_plus_gutenberg_text_before_share":"","sfsi_plus_gutenberg_show_text_before_share":"","sfsi_plus_gutenberg_icon_type":"","sfsi_plus_gutenberg_icon_alignemt":"","sfsi_plus_gutenburg_max_per_row":""},"categories":[2],"tags":[36,29],"_links":{"self":[{"href":"https:\/\/www.dpsg-andernach.de\/index.php?rest_route=\/wp\/v2\/posts\/357"}],"collection":[{"href":"https:\/\/www.dpsg-andernach.de\/index.php?rest_route=\/wp\/v2\/posts"}],"about":[{"href":"https:\/\/www.dpsg-andernach.de\/index.php?rest_route=\/wp\/v2\/types\/post"}],"author":[{"embeddable":true,"href":"https:\/\/www.dpsg-andernach.de\/index.php?rest_route=\/wp\/v2\/users\/5"}],"replies":[{"embeddable":true,"href":"https:\/\/www.dpsg-andernach.de\/index.php?rest_route=%2Fwp%2Fv2%2Fcomments&post=357"}],"version-history":[{"count":3,"href":"https:\/\/www.dpsg-andernach.de\/index.php?rest_route=\/wp\/v2\/posts\/357\/revisions"}],"predecessor-version":[{"id":385,"href":"https:\/\/www.dpsg-andernach.de\/index.php?rest_route=\/wp\/v2\/posts\/357\/revisions\/385"}],"wp:attachment":[{"href":"https:\/\/www.dpsg-andernach.de\/index.php?rest_route=%2Fwp%2Fv2%2Fmedia&parent=357"}],"wp:term":[{"taxonomy":"category","embeddable":true,"href":"https:\/\/www.dpsg-andernach.de\/index.php?rest_route=%2Fwp%2Fv2%2Fcategories&post=357"},{"taxonomy":"post_tag","embeddable":true,"href":"https:\/\/www.dpsg-andernach.de\/index.php?rest_route=%2Fwp%2Fv2%2Ftags&post=357"}],"curies":[{"name":"wp","href":"https:\/\/api.w.org\/{rel}","templated":true}]}}