{"id":73,"date":"2013-06-13T23:32:41","date_gmt":"2013-06-13T21:32:41","guid":{"rendered":"http:\/\/www.dpsg-andernach.de\/?p=73"},"modified":"2013-07-08T18:37:47","modified_gmt":"2013-07-08T16:37:47","slug":"uns-schickt-der-himmel","status":"publish","type":"post","link":"https:\/\/www.dpsg-andernach.de\/?p=73","title":{"rendered":"\u201eUns schickt der Himmel&#8230;\u201c"},"content":{"rendered":"<p>\u201eUns schickt der Himmel\u201c, lautet das diesj\u00e4hrige Motto der 72-Stunden-Aktion des Bundes der Deutschen Katholischen Jugend (BDKJ).<br \/>\nEin durchaus offenes und interessantes Motto f\u00fcr ein Projekt, welches schon Wochen vor seiner eigentlichen Durchf\u00fchrung in aller Munde und in der Aufmerksamkeit der breiten \u00d6ffentlichkeit der Region war.<\/p>\n<p><a href=\"http:\/\/www.dpsg-andernach.de\/?attachment_id=76\" rel=\"attachment wp-att-76\"><img loading=\"lazy\" class=\"aligncenter size-medium wp-image-76\" alt=\"Vor der Auftaktveranstaltung am R\u00f6merbergwerk\" src=\"http:\/\/www.dpsg-andernach.de\/wp-content\/uploads\/2013\/06\/IMG_0124-300x200.jpg\" width=\"300\" height=\"200\" srcset=\"https:\/\/www.dpsg-andernach.de\/wp-content\/uploads\/2013\/06\/IMG_0124-300x200.jpg 300w, https:\/\/www.dpsg-andernach.de\/wp-content\/uploads\/2013\/06\/IMG_0124.jpg 1024w\" sizes=\"(max-width: 300px) 100vw, 300px\" \/><\/a><\/p>\n<p>Gem\u00e4\u00df dem Motto: \u201eIch schicke mich selber\u201c mal daran diese Projekte und Aktionen n\u00e4her zu erkunden, wollte ich mich also mit dem Stamm St. Michael der DPSG-Andernach auf den Weg machen und Teil dieses Projektes werden. Das Problem dabei \u2026 nur ein ausgew\u00e4hlter Teil dieser Gruppe durfte und konnte zum Ort der Entscheidung nach Kretz ins R\u00f6merbergwerk aufbrechen. Mich als Reporter wimmelte man ebenso strikt ab wie jegliche stammesinterne Mitglieder, die ebenfalls gerne ein Teil dieser mysteri\u00f6sen Zeremonie gewesen w\u00e4ren.<\/p>\n<p>Den einzigen Ausweg sah ich also auf den Wegen der Illegalit\u00e4t. Geschickt versteckte ich mich im Kofferraum des Autos eines der Stammesf\u00fchrer oder -vertreter und gab mich erst kurz vor Ziel zu erkennen. Eine geniale Strategie, der sie sich nicht widersetzen konnten und so mussten sie mich schlie\u00dflich als Teil ihrer kleinen Delegation integrieren.<\/p>\n<p><a href=\"http:\/\/www.dpsg-andernach.de\/?attachment_id=78\" rel=\"attachment wp-att-78\"><img loading=\"lazy\" class=\"size-medium wp-image-78 alignright\" alt=\"Unser Projekt-Auftrag \u2013 gerade erhalten\" src=\"http:\/\/www.dpsg-andernach.de\/wp-content\/uploads\/2013\/06\/IMG_0164-199x300.jpg\" width=\"199\" height=\"300\" srcset=\"https:\/\/www.dpsg-andernach.de\/wp-content\/uploads\/2013\/06\/IMG_0164-199x300.jpg 199w, https:\/\/www.dpsg-andernach.de\/wp-content\/uploads\/2013\/06\/IMG_0164-682x1024.jpg 682w, https:\/\/www.dpsg-andernach.de\/wp-content\/uploads\/2013\/06\/IMG_0164.jpg 683w\" sizes=\"(max-width: 199px) 100vw, 199px\" \/><\/a><a href=\"http:\/\/www.dpsg-andernach.de\/?attachment_id=77\" rel=\"attachment wp-att-77\"><img loading=\"lazy\" class=\"size-medium wp-image-77 alignleft\" alt=\"\" src=\"http:\/\/www.dpsg-andernach.de\/wp-content\/uploads\/2013\/06\/IMG_0138-300x200.jpg\" width=\"300\" height=\"200\" srcset=\"https:\/\/www.dpsg-andernach.de\/wp-content\/uploads\/2013\/06\/IMG_0138-300x200.jpg 300w, https:\/\/www.dpsg-andernach.de\/wp-content\/uploads\/2013\/06\/IMG_0138.jpg 1024w\" sizes=\"(max-width: 300px) 100vw, 300px\" \/><\/a><\/p>\n<p>Endlich am Ziel konnte ich mich also mitsamt Kamera und gez\u00fccktem Notizblock auf den Weg machen, diese 72-Stunden-Aktion zu verstehen. Immer mehr fielen mir die anderen Gruppierungen auf, die sich teilweise im Einheitslook versammelt hatten und gespannt auf manche exponierte Pers\u00f6nlichkeit starrten, welche ich als ihre Projektleiter ausmachen konnte.<\/p>\n<p>Die Massen umh\u00fcllten mich und verga\u00dfen, dass ich nicht Teil ihres Zusammenschlusses, sondern Reporter war. So war es mir m\u00f6glich, gen\u00fcgend Bilder zu machen, sogar ihre aus der Menschenmasse geformte 72 durfte ich ablichten und nach und nach verstand ich mich als Teil von ihnen.<br \/>\nDoch wenn man sich zu sicher f\u00fchlt, passiert etwas. Ein Gewitter hatte sich zum Ziel gesetzt, die bevorstehende Projektvergabe an die einzelnen Gruppen zu sabotieren. Die Flexibilit\u00e4t dieser Aktionisten dagegen ist und war bewundernswert, man verlegte die Vergabe der Aufgaben einfach ins Innere des Bergwerkmuseums.<\/p>\n<p>Um 17:07 Uhr war es dann soweit und die Stammesf\u00fchrer Simone, Clemi und Steffi bekamen den geheimen Brief \u00fcberreicht, verbargen jedoch den Inhalt, um diesen gemeinsam mit dem gesamten Stamm in Erfahrung bringen zu k\u00f6nnen. Meine sp\u00e4rlichen und neugierigen Versuche, den Inhalt zu ersp\u00e4hen, wimmelten sie geschickt ab und ich ordnete mich ihrer Regentschaft\u00a0unter, um weiterhin meinen Recherchen nachgehen zu k\u00f6nnen.<\/p>\n<p>Nach einer kurzen R\u00fcckreise gelangten wir zu ihrem Hauptquartier, in dem sich alle Mitglieder versammelt hatten, um tatkr\u00e4ftig in das Wochenende zu starten. Was mich erwartete l\u00e4sst<\/p>\n<p><a href=\"http:\/\/www.dpsg-andernach.de\/?attachment_id=80\" rel=\"attachment wp-att-80\"><img loading=\"lazy\" class=\"size-medium wp-image-80 alignleft\" alt=\"Die Verk\u00fcndung des Projekts\" src=\"http:\/\/www.dpsg-andernach.de\/wp-content\/uploads\/2013\/06\/IMG_0171-300x200.jpg\" width=\"300\" height=\"200\" srcset=\"https:\/\/www.dpsg-andernach.de\/wp-content\/uploads\/2013\/06\/IMG_0171-300x200.jpg 300w, https:\/\/www.dpsg-andernach.de\/wp-content\/uploads\/2013\/06\/IMG_0171.jpg 1024w\" sizes=\"(max-width: 300px) 100vw, 300px\" \/><\/a><\/p>\n<p><a href=\"http:\/\/www.dpsg-andernach.de\/?attachment_id=79\" rel=\"attachment wp-att-79\"><img loading=\"lazy\" class=\"size-thumbnail wp-image-79 alignright\" alt=\"Aufregung und Spiele vor der Verk\u00fcndung\" src=\"http:\/\/www.dpsg-andernach.de\/wp-content\/uploads\/2013\/06\/IMG_0169-150x150.jpg\" width=\"150\" height=\"150\" \/><\/a><\/p>\n<p>sich nicht In Worten beschreiben. Ein Get\u00f6se! Ein Tanz! Schreie durch das Geb\u00e4ude! Gebannt betrachtete ich ihr Ritual, dessen Sinn sich mir in all ihren Bewegungen nicht erschloss. Doch \u2026 ich war gefesselt und lauschte ebenso gespannt auf die Verk\u00fcndung der Aufgabe, die Steffi bed\u00e4chtig zu enth\u00fcllen begann, wie jeder andere.<br \/>\nDie Spannung lag f\u00f6rmlich in der Luft und in einem Trommelwirbel aus Klatschern und Gestampfe hallte die Aufgabe durch den Raum \u2026 \u201e<strong>Tradierung der Werte innerhalb der DPSG auf allen Ebenen des Verbandes.<\/strong>\u201c<\/p>\n<p>Eine n\u00e4here Erkl\u00e4rung dieser Formulierung wird demn\u00e4chst folgen.<\/p>\n<p>&nbsp;<\/p>\n<p><strong><em>Ein Artikel von Sebastian Naundorf. Wir bitten darum, auf die dezent eingesetzten Ironie zu achten und nicht alles w\u00f6rtlich zu nehmen.<\/em><\/strong><\/p>\n","protected":false},"excerpt":{"rendered":"<p>\u201eUns schickt der Himmel\u201c, lautet das diesj\u00e4hrige Motto der 72-Stunden-Aktion des Bundes der Deutschen Katholischen Jugend (BDKJ). Ein durchaus offenes und interessantes Motto f\u00fcr ein Projekt, welches schon Wochen vor seiner eigentlichen Durchf\u00fchrung in aller Munde und in der Aufmerksamkeit der breiten \u00d6ffentlichkeit der Region war. Gem\u00e4\u00df dem Motto: \u201eIch schicke mich selber\u201c mal daran [&hellip;]<\/p>\n","protected":false},"author":1,"featured_media":0,"comment_status":"open","ping_status":"open","sticky":false,"template":"","format":"standard","meta":{"sfsi_plus_gutenberg_text_before_share":"","sfsi_plus_gutenberg_show_text_before_share":"","sfsi_plus_gutenberg_icon_type":"","sfsi_plus_gutenberg_icon_alignemt":"","sfsi_plus_gutenburg_max_per_row":""},"categories":[5],"tags":[7,8,10,18],"_links":{"self":[{"href":"https:\/\/www.dpsg-andernach.de\/index.php?rest_route=\/wp\/v2\/posts\/73"}],"collection":[{"href":"https:\/\/www.dpsg-andernach.de\/index.php?rest_route=\/wp\/v2\/posts"}],"about":[{"href":"https:\/\/www.dpsg-andernach.de\/index.php?rest_route=\/wp\/v2\/types\/post"}],"author":[{"embeddable":true,"href":"https:\/\/www.dpsg-andernach.de\/index.php?rest_route=\/wp\/v2\/users\/1"}],"replies":[{"embeddable":true,"href":"https:\/\/www.dpsg-andernach.de\/index.php?rest_route=%2Fwp%2Fv2%2Fcomments&post=73"}],"version-history":[{"count":2,"href":"https:\/\/www.dpsg-andernach.de\/index.php?rest_route=\/wp\/v2\/posts\/73\/revisions"}],"predecessor-version":[{"id":267,"href":"https:\/\/www.dpsg-andernach.de\/index.php?rest_route=\/wp\/v2\/posts\/73\/revisions\/267"}],"wp:attachment":[{"href":"https:\/\/www.dpsg-andernach.de\/index.php?rest_route=%2Fwp%2Fv2%2Fmedia&parent=73"}],"wp:term":[{"taxonomy":"category","embeddable":true,"href":"https:\/\/www.dpsg-andernach.de\/index.php?rest_route=%2Fwp%2Fv2%2Fcategories&post=73"},{"taxonomy":"post_tag","embeddable":true,"href":"https:\/\/www.dpsg-andernach.de\/index.php?rest_route=%2Fwp%2Fv2%2Ftags&post=73"}],"curies":[{"name":"wp","href":"https:\/\/api.w.org\/{rel}","templated":true}]}}