{"id":897,"date":"2019-03-24T15:03:02","date_gmt":"2019-03-24T14:03:02","guid":{"rendered":"http:\/\/www.dpsg-andernach.de\/?p=897"},"modified":"2019-03-24T15:03:04","modified_gmt":"2019-03-24T14:03:04","slug":"dreck-weg-tag-und-stammesversammlung","status":"publish","type":"post","link":"https:\/\/www.dpsg-andernach.de\/?p=897","title":{"rendered":"Dreck-weg-Tag und Stammesversammlung"},"content":{"rendered":"\n<p>Der 16. M\u00e4rz war beim Stamm St. Michael mal wieder randvoll gepackt. Zun\u00e4chst versammelten sich morgens einige Eltern, die Leiterinnen und Leiter und Kinder aller Altersstufen am Rhein, wo wir uns an der Dreck-weg-Aktion beteiligten und im Namedyer Werth einen Container voller M\u00fcll sammelten. Dabei befreiten wir das Rheinufer von zahlreichen Flaschen und Verpackungen, aber wir fanden beispielsweise auch einen alten Auspuff oder einen Grill. Anschlie\u00dfend machten wir uns zum Thomas-Becket-Haus auf, wo einige von uns schon flei\u00dfig dekoriert hatten und das TBH in eine mittelalterliche Kulisse verwandelten. Dort begann dann mittags unsere j\u00e4hrliche Stammesversammlung, bei der wir unter anderem gemeinsam mit unseren Kindern und Jugendlichen \u00fcber Antr\u00e4ge diskutieren und abstimmen und den Gruppenberichten lauschten. Die Biber unterhielten uns mit einem Tanz und die W\u00f6s berichteten mit fantasievollen Sockenpuppen \u00fcber ihre Halloweenparty, diverse Wasserschlachten im Sommer, den Kletterwald im Zeltlager und die M\u00fcllsammelaktionen. Danach veranstalteten die Jufis eine spannende Gespensterjagd f\u00fcr uns und die Pfadi-Rover lie\u00dfen ihren Herold Niclas f\u00fcr sich sprechen, der auf einem Einhorn angeritten kam und z.B. von der Fairtrade-Aktion und dem Klettern im Kanditurm erz\u00e4hlte. <br>Zu guter Letzt fand nach der Stammes- noch die Mitgliederversammlung unseres Vereins statt. <\/p>\n\n\n\n<ul class=\"wp-block-gallery alignleft columns-2 is-cropped\"><li class=\"blocks-gallery-item\"><figure><img loading=\"lazy\" width=\"1024\" height=\"575\" src=\"http:\/\/www.dpsg-andernach.de\/wp-content\/uploads\/2019\/03\/IMG_20190318_142858_284-1024x575.jpg\" alt=\"\" data-id=\"898\" class=\"wp-image-898\" srcset=\"https:\/\/www.dpsg-andernach.de\/wp-content\/uploads\/2019\/03\/IMG_20190318_142858_284-1024x575.jpg 1024w, https:\/\/www.dpsg-andernach.de\/wp-content\/uploads\/2019\/03\/IMG_20190318_142858_284-300x169.jpg 300w, https:\/\/www.dpsg-andernach.de\/wp-content\/uploads\/2019\/03\/IMG_20190318_142858_284-768x431.jpg 768w, https:\/\/www.dpsg-andernach.de\/wp-content\/uploads\/2019\/03\/IMG_20190318_142858_284.jpg 1280w\" sizes=\"(max-width: 1024px) 100vw, 1024px\" \/><\/figure><\/li><li class=\"blocks-gallery-item\"><figure><img loading=\"lazy\" width=\"1024\" height=\"768\" src=\"http:\/\/www.dpsg-andernach.de\/wp-content\/uploads\/2019\/03\/IMG_0980-1024x768.jpg\" alt=\"\" data-id=\"899\" data-link=\"http:\/\/www.dpsg-andernach.de\/?attachment_id=899\" class=\"wp-image-899\" srcset=\"https:\/\/www.dpsg-andernach.de\/wp-content\/uploads\/2019\/03\/IMG_0980-1024x768.jpg 1024w, https:\/\/www.dpsg-andernach.de\/wp-content\/uploads\/2019\/03\/IMG_0980-300x225.jpg 300w, https:\/\/www.dpsg-andernach.de\/wp-content\/uploads\/2019\/03\/IMG_0980-768x576.jpg 768w\" sizes=\"(max-width: 1024px) 100vw, 1024px\" \/><\/figure><\/li><\/ul>\n","protected":false},"excerpt":{"rendered":"<p>Der 16. M\u00e4rz war beim Stamm St. Michael mal wieder randvoll gepackt. Zun\u00e4chst versammelten sich morgens einige Eltern, die Leiterinnen und Leiter und Kinder aller Altersstufen am Rhein, wo wir uns an der Dreck-weg-Aktion beteiligten und im Namedyer Werth einen Container voller M\u00fcll sammelten. Dabei befreiten wir das Rheinufer von zahlreichen Flaschen und Verpackungen, aber [&hellip;]<\/p>\n","protected":false},"author":2,"featured_media":0,"comment_status":"closed","ping_status":"closed","sticky":false,"template":"","format":"standard","meta":{"sfsi_plus_gutenberg_text_before_share":"","sfsi_plus_gutenberg_show_text_before_share":"","sfsi_plus_gutenberg_icon_type":"","sfsi_plus_gutenberg_icon_alignemt":"","sfsi_plus_gutenburg_max_per_row":""},"categories":[2,1,53],"tags":[57],"_links":{"self":[{"href":"https:\/\/www.dpsg-andernach.de\/index.php?rest_route=\/wp\/v2\/posts\/897"}],"collection":[{"href":"https:\/\/www.dpsg-andernach.de\/index.php?rest_route=\/wp\/v2\/posts"}],"about":[{"href":"https:\/\/www.dpsg-andernach.de\/index.php?rest_route=\/wp\/v2\/types\/post"}],"author":[{"embeddable":true,"href":"https:\/\/www.dpsg-andernach.de\/index.php?rest_route=\/wp\/v2\/users\/2"}],"replies":[{"embeddable":true,"href":"https:\/\/www.dpsg-andernach.de\/index.php?rest_route=%2Fwp%2Fv2%2Fcomments&post=897"}],"version-history":[{"count":1,"href":"https:\/\/www.dpsg-andernach.de\/index.php?rest_route=\/wp\/v2\/posts\/897\/revisions"}],"predecessor-version":[{"id":900,"href":"https:\/\/www.dpsg-andernach.de\/index.php?rest_route=\/wp\/v2\/posts\/897\/revisions\/900"}],"wp:attachment":[{"href":"https:\/\/www.dpsg-andernach.de\/index.php?rest_route=%2Fwp%2Fv2%2Fmedia&parent=897"}],"wp:term":[{"taxonomy":"category","embeddable":true,"href":"https:\/\/www.dpsg-andernach.de\/index.php?rest_route=%2Fwp%2Fv2%2Fcategories&post=897"},{"taxonomy":"post_tag","embeddable":true,"href":"https:\/\/www.dpsg-andernach.de\/index.php?rest_route=%2Fwp%2Fv2%2Ftags&post=897"}],"curies":[{"name":"wp","href":"https:\/\/api.w.org\/{rel}","templated":true}]}}