{"id":931,"date":"2019-04-08T07:07:57","date_gmt":"2019-04-08T06:07:57","guid":{"rendered":"http:\/\/www.dpsg-andernach.de\/?p=931"},"modified":"2019-04-08T07:07:57","modified_gmt":"2019-04-08T06:07:57","slug":"fruehlingsbasar","status":"publish","type":"post","link":"https:\/\/www.dpsg-andernach.de\/?p=931","title":{"rendered":"Fr\u00fchlingsbasar"},"content":{"rendered":"\n<p>Viel Gl\u00fcck hatte das <a rel=\"noreferrer noopener\" aria-label=\"Tierheim Andernach (\u00f6ffnet in neuem Tab)\" href=\"http:\/\/www.tierschutzverein-andernach.de\" target=\"_blank\">Tierheim Andernach<\/a> bei dem gestrigen Fr\u00fchlingsbasar mit dem Wetter. Neben den zahlreichen Osterpflanzen und Flohmarktartikeln sowie einer Tombola, konnte auf einem eigens gestellten Tisch die Osterdeko unserer Biber und W\u00f6lflinge bewundert und gegen Spende mitgenommen werden. Schon sehr fr\u00fch war der Gro\u00dfteil der gebastelten Sachen abgegeben. Vielen Dank an alle Spender und vor allem an die flei\u00dfigen Bastelh\u00e4nde! Die Aktion war jedenfalls ein voller Erfolg! <\/p>\n\n\n\n<figure class=\"wp-block-image\"><img loading=\"lazy\" width=\"1024\" height=\"768\" src=\"http:\/\/www.dpsg-andernach.de\/wp-content\/uploads\/2019\/04\/IMG_20190407_122345-1024x768.jpg\" alt=\"\" class=\"wp-image-932\" srcset=\"https:\/\/www.dpsg-andernach.de\/wp-content\/uploads\/2019\/04\/IMG_20190407_122345-1024x768.jpg 1024w, https:\/\/www.dpsg-andernach.de\/wp-content\/uploads\/2019\/04\/IMG_20190407_122345-300x225.jpg 300w, https:\/\/www.dpsg-andernach.de\/wp-content\/uploads\/2019\/04\/IMG_20190407_122345-768x576.jpg 768w\" sizes=\"(max-width: 1024px) 100vw, 1024px\" \/><\/figure>\n","protected":false},"excerpt":{"rendered":"<p>Viel Gl\u00fcck hatte das Tierheim Andernach bei dem gestrigen Fr\u00fchlingsbasar mit dem Wetter. Neben den zahlreichen Osterpflanzen und Flohmarktartikeln sowie einer Tombola, konnte auf einem eigens gestellten Tisch die Osterdeko unserer Biber und W\u00f6lflinge bewundert und gegen Spende mitgenommen werden. Schon sehr fr\u00fch war der Gro\u00dfteil der gebastelten Sachen abgegeben. Vielen Dank an alle Spender [&hellip;]<\/p>\n","protected":false},"author":6,"featured_media":0,"comment_status":"closed","ping_status":"closed","sticky":false,"template":"","format":"standard","meta":{"sfsi_plus_gutenberg_text_before_share":"","sfsi_plus_gutenberg_show_text_before_share":"","sfsi_plus_gutenberg_icon_type":"","sfsi_plus_gutenberg_icon_alignemt":"","sfsi_plus_gutenburg_max_per_row":""},"categories":[1],"tags":[8],"_links":{"self":[{"href":"https:\/\/www.dpsg-andernach.de\/index.php?rest_route=\/wp\/v2\/posts\/931"}],"collection":[{"href":"https:\/\/www.dpsg-andernach.de\/index.php?rest_route=\/wp\/v2\/posts"}],"about":[{"href":"https:\/\/www.dpsg-andernach.de\/index.php?rest_route=\/wp\/v2\/types\/post"}],"author":[{"embeddable":true,"href":"https:\/\/www.dpsg-andernach.de\/index.php?rest_route=\/wp\/v2\/users\/6"}],"replies":[{"embeddable":true,"href":"https:\/\/www.dpsg-andernach.de\/index.php?rest_route=%2Fwp%2Fv2%2Fcomments&post=931"}],"version-history":[{"count":1,"href":"https:\/\/www.dpsg-andernach.de\/index.php?rest_route=\/wp\/v2\/posts\/931\/revisions"}],"predecessor-version":[{"id":933,"href":"https:\/\/www.dpsg-andernach.de\/index.php?rest_route=\/wp\/v2\/posts\/931\/revisions\/933"}],"wp:attachment":[{"href":"https:\/\/www.dpsg-andernach.de\/index.php?rest_route=%2Fwp%2Fv2%2Fmedia&parent=931"}],"wp:term":[{"taxonomy":"category","embeddable":true,"href":"https:\/\/www.dpsg-andernach.de\/index.php?rest_route=%2Fwp%2Fv2%2Fcategories&post=931"},{"taxonomy":"post_tag","embeddable":true,"href":"https:\/\/www.dpsg-andernach.de\/index.php?rest_route=%2Fwp%2Fv2%2Ftags&post=931"}],"curies":[{"name":"wp","href":"https:\/\/api.w.org\/{rel}","templated":true}]}}